{"id":1954,"date":"2020-06-22T14:43:49","date_gmt":"2020-06-22T14:43:49","guid":{"rendered":"http:\/\/s846751675.online.de\/?p=1954"},"modified":"2021-08-26T15:58:21","modified_gmt":"2021-08-26T15:58:21","slug":"hempeline-zeigt-sich-farbenfroh","status":"publish","type":"post","link":"https:\/\/hempeline.net\/en\/hempeline-zeigt-sich-farbenfroh","title":{"rendered":"hempeline zeigt sich farbenfroh"},"content":{"rendered":"<div data-elementor-type=\"wp-post\" data-elementor-id=\"1954\" class=\"elementor elementor-1954\" data-elementor-post-type=\"post\">\n\t\t\t\t\t\t<section class=\"elementor-section elementor-top-section elementor-element elementor-element-541fa4fa elementor-section-boxed elementor-section-height-default elementor-section-height-default\" data-id=\"541fa4fa\" data-element_type=\"section\">\n\t\t\t\t\t\t<div class=\"elementor-container elementor-column-gap-default\">\n\t\t\t\t\t<div class=\"elementor-column elementor-col-100 elementor-top-column elementor-element elementor-element-4a4db785\" data-id=\"4a4db785\" data-element_type=\"column\">\n\t\t\t<div class=\"elementor-widget-wrap elementor-element-populated\">\n\t\t\t\t\t\t<div class=\"elementor-element elementor-element-39942860 elementor-widget elementor-widget-text-editor\" data-id=\"39942860\" data-element_type=\"widget\" data-widget_type=\"text-editor.default\">\n\t\t\t\t<div class=\"elementor-widget-container\">\n\t\t\t\t\t\t\t<p><!-- wp:paragraph --><\/p>\n<p>Als Vorboten des bunten Sommers hat die Goldschmiede Zeitschrift eine Sonderaktion in der Juni Ausgabe gestartet: Farbedelsteine in der Natur. Und hempeline war am Start!<\/p>\n<p><!-- \/wp:paragraph --><!-- wp:paragraph --><\/p>\n<p>Denn hempeline steht nicht nur f\u00fcr wundervolle Perlen, sondern auch f\u00fcr farbenfrohe und intensiv gl\u00e4nzende Farbedelsteine. Und so waren wir nat\u00fcrlich sofort dabei, um die Welt ein bisschen bunter und sch\u00f6ner zu machen. Mit einer Trilogie unserer Farbedelsteinketten aus Smaragd, Rubin und Labradorit haben wir eine glamour\u00f6se Raupe in die Natur geschickt. Wir sind mindestens so begeistert wie die Leser der aktuellen GZ. Ein authentisches Portrait unserer Fotografin und Gr\u00fcnderin Miriam runden die zwei Seiten hempeline in der Farbstein-Sonderaktion ab. Wir k\u00f6nnen es kaum erwarten all die sommerlichen Farben bl\u00fchen<span style=\"font-size: 1rem;\">\u00a0zu sehen und machen es wie unsere Raupe \u2013 wir genie\u00dfen die Sonne in der Natur!<\/span><\/p>\n<p><!-- \/wp:paragraph --><!-- wp:image {\"id\":1955,\"sizeSlug\":\"large\"} --><\/p>\n<figure class=\"wp-block-image size-large\"><br \/><a href=\"https:\/\/hempeline.net\/en\/labradoriten-kette\/\"><img fetchpriority=\"high\" decoding=\"async\" class=\"wp-image-1963 size-medium aligncenter\" src=\"https:\/\/hempeline.net\/wp-content\/uploads\/2020\/10\/WhatsApp-Image-2020-05-16-at-20.38.51-e1603551636631-300x300.jpeg\" alt=\"\" width=\"300\" height=\"300\" srcset=\"https:\/\/hempeline.net\/wp-content\/uploads\/2020\/10\/WhatsApp-Image-2020-05-16-at-20.38.51-e1603551636631-300x300.jpeg 300w, https:\/\/hempeline.net\/wp-content\/uploads\/2020\/10\/WhatsApp-Image-2020-05-16-at-20.38.51-e1603551636631-600x600.jpeg 600w, https:\/\/hempeline.net\/wp-content\/uploads\/2020\/10\/WhatsApp-Image-2020-05-16-at-20.38.51-e1603551636631-100x100.jpeg 100w, https:\/\/hempeline.net\/wp-content\/uploads\/2020\/10\/WhatsApp-Image-2020-05-16-at-20.38.51-e1603551636631-900x900.jpeg 900w, https:\/\/hempeline.net\/wp-content\/uploads\/2020\/10\/WhatsApp-Image-2020-05-16-at-20.38.51-e1603551636631-1024x1024.jpeg 1024w, https:\/\/hempeline.net\/wp-content\/uploads\/2020\/10\/WhatsApp-Image-2020-05-16-at-20.38.51-e1603551636631-150x150.jpeg 150w, https:\/\/hempeline.net\/wp-content\/uploads\/2020\/10\/WhatsApp-Image-2020-05-16-at-20.38.51-e1603551636631-768x768.jpeg 768w, https:\/\/hempeline.net\/wp-content\/uploads\/2020\/10\/WhatsApp-Image-2020-05-16-at-20.38.51-e1603551636631.jpeg 1068w\" sizes=\"(max-width: 300px) 100vw, 300px\" \/><\/a><\/figure>\n<p><!-- \/wp:image --><\/p>\t\t\t\t\t\t<\/div>\n\t\t\t\t<\/div>\n\t\t\t\t\t<\/div>\n\t\t<\/div>\n\t\t\t\t\t<\/div>\n\t\t<\/section>\n\t\t\t\t<\/div>","protected":false},"excerpt":{"rendered":"<p>Als Vorboten des bunten Sommers hat die Goldschmiede Zeitschrift eine Sonderaktion in der Juni Ausgabe gestartet: Farbedelsteine in der Natur. Und hempeline war am Start! Denn hempeline steht nicht nur f\u00fcr wundervolle Perlen, sondern auch f\u00fcr farbenfrohe und intensiv gl\u00e4nzende Farbedelsteine. Und so waren wir nat\u00fcrlich sofort dabei, um die Welt ein bisschen bunter und [&hellip;]<\/p>\n","protected":false},"author":279,"featured_media":1955,"comment_status":"open","ping_status":"open","sticky":false,"template":"","format":"standard","meta":{"_acf_changed":false,"footnotes":""},"categories":[24],"tags":[],"class_list":["post-1954","post","type-post","status-publish","format-standard","has-post-thumbnail","hentry","category-stories"],"acf":[],"yoast_head":"<!-- This site is optimized with the Yoast SEO Premium plugin v19.3 (Yoast SEO v26.8) - https:\/\/yoast.com\/product\/yoast-seo-premium-wordpress\/ -->\n<title>hempeline zeigt sich farbenfroh in der hempeline Story<\/title>\n<meta name=\"description\" content=\"Mit unseren Farbedelsteinen sind wir in der Sonderausgabe der Goldschmiede Zeitung zu sehen. Es sind wundersch\u00f6ne Naturaufnahmen entstanden.\" \/>\n<meta name=\"robots\" content=\"index, follow, max-snippet:-1, max-image-preview:large, max-video-preview:-1\" \/>\n<link rel=\"canonical\" href=\"https:\/\/hempeline.net\/en\/hempeline-zeigt-sich-farbenfroh\/\" \/>\n<meta property=\"og:locale\" content=\"en_GB\" \/>\n<meta property=\"og:type\" content=\"article\" \/>\n<meta property=\"og:title\" content=\"hempeline zeigt sich farbenfroh\" \/>\n<meta property=\"og:description\" content=\"Mit unseren Farbedelsteinen sind wir in der Sonderausgabe der Goldschmiede Zeitung zu sehen. Es sind wundersch\u00f6ne Naturaufnahmen entstanden.\" \/>\n<meta property=\"og:url\" content=\"https:\/\/hempeline.net\/en\/hempeline-zeigt-sich-farbenfroh\/\" \/>\n<meta property=\"og:site_name\" content=\"hempeline\" \/>\n<meta property=\"article:publisher\" content=\"https:\/\/www.facebook.com\/hempelineCollection\/\" \/>\n<meta property=\"article:published_time\" content=\"2020-06-22T14:43:49+00:00\" \/>\n<meta property=\"article:modified_time\" content=\"2021-08-26T15:58:21+00:00\" \/>\n<meta property=\"og:image\" content=\"https:\/\/hempeline.net\/wp-content\/uploads\/2020\/10\/hempi-zeigt-sich-farbenfroh.jpeg\" \/>\n\t<meta property=\"og:image:width\" content=\"480\" \/>\n\t<meta property=\"og:image:height\" content=\"480\" \/>\n\t<meta property=\"og:image:type\" content=\"image\/jpeg\" \/>\n<meta name=\"author\" content=\"Miriam Hempel\" \/>\n<meta name=\"twitter:card\" content=\"summary_large_image\" \/>\n<meta name=\"twitter:label1\" content=\"Written by\" \/>\n\t<meta name=\"twitter:data1\" content=\"Miriam Hempel\" \/>\n\t<meta name=\"twitter:label2\" content=\"Estimated reading time\" \/>\n\t<meta name=\"twitter:data2\" content=\"1 minute\" \/>\n<script type=\"application\/ld+json\" class=\"yoast-schema-graph\">{\"@context\":\"https:\/\/schema.org\",\"@graph\":[{\"@type\":\"Article\",\"@id\":\"https:\/\/hempeline.net\/hempeline-zeigt-sich-farbenfroh#article\",\"isPartOf\":{\"@id\":\"https:\/\/hempeline.net\/hempeline-zeigt-sich-farbenfroh\"},\"author\":{\"name\":\"Miriam Hempel\",\"@id\":\"https:\/\/hempeline.net\/#\/schema\/person\/445bd3a4dfd3d49538c01140e72d13ca\"},\"headline\":\"hempeline zeigt sich farbenfroh\",\"datePublished\":\"2020-06-22T14:43:49+00:00\",\"dateModified\":\"2021-08-26T15:58:21+00:00\",\"mainEntityOfPage\":{\"@id\":\"https:\/\/hempeline.net\/hempeline-zeigt-sich-farbenfroh\"},\"wordCount\":144,\"commentCount\":0,\"publisher\":{\"@id\":\"https:\/\/hempeline.net\/#organization\"},\"image\":{\"@id\":\"https:\/\/hempeline.net\/hempeline-zeigt-sich-farbenfroh#primaryimage\"},\"thumbnailUrl\":\"https:\/\/hempeline.net\/wp-content\/uploads\/2020\/10\/hempi-zeigt-sich-farbenfroh.jpeg\",\"articleSection\":[\"Stories\"],\"inLanguage\":\"en-GB\",\"potentialAction\":[{\"@type\":\"CommentAction\",\"name\":\"Comment\",\"target\":[\"https:\/\/hempeline.net\/hempeline-zeigt-sich-farbenfroh#respond\"]}]},{\"@type\":\"WebPage\",\"@id\":\"https:\/\/hempeline.net\/hempeline-zeigt-sich-farbenfroh\",\"url\":\"https:\/\/hempeline.net\/hempeline-zeigt-sich-farbenfroh\",\"name\":\"hempeline zeigt sich farbenfroh in der hempeline Story\",\"isPartOf\":{\"@id\":\"https:\/\/hempeline.net\/#website\"},\"primaryImageOfPage\":{\"@id\":\"https:\/\/hempeline.net\/hempeline-zeigt-sich-farbenfroh#primaryimage\"},\"image\":{\"@id\":\"https:\/\/hempeline.net\/hempeline-zeigt-sich-farbenfroh#primaryimage\"},\"thumbnailUrl\":\"https:\/\/hempeline.net\/wp-content\/uploads\/2020\/10\/hempi-zeigt-sich-farbenfroh.jpeg\",\"datePublished\":\"2020-06-22T14:43:49+00:00\",\"dateModified\":\"2021-08-26T15:58:21+00:00\",\"description\":\"Mit unseren Farbedelsteinen sind wir in der Sonderausgabe der Goldschmiede Zeitung zu sehen. Es sind wundersch\u00f6ne Naturaufnahmen entstanden.\",\"breadcrumb\":{\"@id\":\"https:\/\/hempeline.net\/hempeline-zeigt-sich-farbenfroh#breadcrumb\"},\"inLanguage\":\"en-GB\",\"potentialAction\":[{\"@type\":\"ReadAction\",\"target\":[\"https:\/\/hempeline.net\/hempeline-zeigt-sich-farbenfroh\"]}]},{\"@type\":\"ImageObject\",\"inLanguage\":\"en-GB\",\"@id\":\"https:\/\/hempeline.net\/hempeline-zeigt-sich-farbenfroh#primaryimage\",\"url\":\"https:\/\/hempeline.net\/wp-content\/uploads\/2020\/10\/hempi-zeigt-sich-farbenfroh.jpeg\",\"contentUrl\":\"https:\/\/hempeline.net\/wp-content\/uploads\/2020\/10\/hempi-zeigt-sich-farbenfroh.jpeg\",\"width\":480,\"height\":480,\"caption\":\"Goldschmiede Zeitung farbenfroh\"},{\"@type\":\"BreadcrumbList\",\"@id\":\"https:\/\/hempeline.net\/hempeline-zeigt-sich-farbenfroh#breadcrumb\",\"itemListElement\":[{\"@type\":\"ListItem\",\"position\":1,\"name\":\"Startseite\",\"item\":\"https:\/\/hempeline.net\/\"},{\"@type\":\"ListItem\",\"position\":2,\"name\":\"hempeline zeigt sich farbenfroh\"}]},{\"@type\":\"WebSite\",\"@id\":\"https:\/\/hempeline.net\/#website\",\"url\":\"https:\/\/hempeline.net\/\",\"name\":\"hempeline\",\"description\":\"Qualit\u00e4t made in Germany\",\"publisher\":{\"@id\":\"https:\/\/hempeline.net\/#organization\"},\"potentialAction\":[{\"@type\":\"SearchAction\",\"target\":{\"@type\":\"EntryPoint\",\"urlTemplate\":\"https:\/\/hempeline.net\/?s={search_term_string}\"},\"query-input\":{\"@type\":\"PropertyValueSpecification\",\"valueRequired\":true,\"valueName\":\"search_term_string\"}}],\"inLanguage\":\"en-GB\"},{\"@type\":\"Organization\",\"@id\":\"https:\/\/hempeline.net\/#organization\",\"name\":\"hempeline collection\",\"url\":\"https:\/\/hempeline.net\/\",\"logo\":{\"@type\":\"ImageObject\",\"inLanguage\":\"en-GB\",\"@id\":\"https:\/\/hempeline.net\/#\/schema\/logo\/image\/\",\"url\":\"https:\/\/hempeline.net\/wp-content\/uploads\/2020\/07\/LOGO-SCHWARZ.png\",\"contentUrl\":\"https:\/\/hempeline.net\/wp-content\/uploads\/2020\/07\/LOGO-SCHWARZ.png\",\"width\":576,\"height\":576,\"caption\":\"hempeline collection\"},\"image\":{\"@id\":\"https:\/\/hempeline.net\/#\/schema\/logo\/image\/\"},\"sameAs\":[\"https:\/\/www.facebook.com\/hempelineCollection\/\",\"https:\/\/www.instagram.com\/hempeline\/\"]},{\"@type\":\"Person\",\"@id\":\"https:\/\/hempeline.net\/#\/schema\/person\/445bd3a4dfd3d49538c01140e72d13ca\",\"name\":\"Miriam Hempel\",\"image\":{\"@type\":\"ImageObject\",\"inLanguage\":\"en-GB\",\"@id\":\"https:\/\/hempeline.net\/#\/schema\/person\/image\/\",\"url\":\"https:\/\/secure.gravatar.com\/avatar\/afbb8c6655567ec81f7c76e88d5b9980?s=96&d=mm&r=g\",\"contentUrl\":\"https:\/\/secure.gravatar.com\/avatar\/afbb8c6655567ec81f7c76e88d5b9980?s=96&d=mm&r=g\",\"caption\":\"Miriam Hempel\"}}]}<\/script>\n<!-- \/ Yoast SEO Premium plugin. -->","yoast_head_json":{"title":"hempeline zeigt sich farbenfroh in der hempeline Story","description":"Mit unseren Farbedelsteinen sind wir in der Sonderausgabe der Goldschmiede Zeitung zu sehen. Es sind wundersch\u00f6ne Naturaufnahmen entstanden.","robots":{"index":"index","follow":"follow","max-snippet":"max-snippet:-1","max-image-preview":"max-image-preview:large","max-video-preview":"max-video-preview:-1"},"canonical":"https:\/\/hempeline.net\/en\/hempeline-zeigt-sich-farbenfroh\/","og_locale":"en_GB","og_type":"article","og_title":"hempeline zeigt sich farbenfroh","og_description":"Mit unseren Farbedelsteinen sind wir in der Sonderausgabe der Goldschmiede Zeitung zu sehen. Es sind wundersch\u00f6ne Naturaufnahmen entstanden.","og_url":"https:\/\/hempeline.net\/en\/hempeline-zeigt-sich-farbenfroh\/","og_site_name":"hempeline","article_publisher":"https:\/\/www.facebook.com\/hempelineCollection\/","article_published_time":"2020-06-22T14:43:49+00:00","article_modified_time":"2021-08-26T15:58:21+00:00","og_image":[{"width":480,"height":480,"url":"https:\/\/hempeline.net\/wp-content\/uploads\/2020\/10\/hempi-zeigt-sich-farbenfroh.jpeg","type":"image\/jpeg"}],"author":"Miriam Hempel","twitter_card":"summary_large_image","twitter_misc":{"Written by":"Miriam Hempel","Estimated reading time":"1 minute"},"schema":{"@context":"https:\/\/schema.org","@graph":[{"@type":"Article","@id":"https:\/\/hempeline.net\/hempeline-zeigt-sich-farbenfroh#article","isPartOf":{"@id":"https:\/\/hempeline.net\/hempeline-zeigt-sich-farbenfroh"},"author":{"name":"Miriam Hempel","@id":"https:\/\/hempeline.net\/#\/schema\/person\/445bd3a4dfd3d49538c01140e72d13ca"},"headline":"hempeline zeigt sich farbenfroh","datePublished":"2020-06-22T14:43:49+00:00","dateModified":"2021-08-26T15:58:21+00:00","mainEntityOfPage":{"@id":"https:\/\/hempeline.net\/hempeline-zeigt-sich-farbenfroh"},"wordCount":144,"commentCount":0,"publisher":{"@id":"https:\/\/hempeline.net\/#organization"},"image":{"@id":"https:\/\/hempeline.net\/hempeline-zeigt-sich-farbenfroh#primaryimage"},"thumbnailUrl":"https:\/\/hempeline.net\/wp-content\/uploads\/2020\/10\/hempi-zeigt-sich-farbenfroh.jpeg","articleSection":["Stories"],"inLanguage":"en-GB","potentialAction":[{"@type":"CommentAction","name":"Comment","target":["https:\/\/hempeline.net\/hempeline-zeigt-sich-farbenfroh#respond"]}]},{"@type":"WebPage","@id":"https:\/\/hempeline.net\/hempeline-zeigt-sich-farbenfroh","url":"https:\/\/hempeline.net\/hempeline-zeigt-sich-farbenfroh","name":"hempeline zeigt sich farbenfroh in der hempeline Story","isPartOf":{"@id":"https:\/\/hempeline.net\/#website"},"primaryImageOfPage":{"@id":"https:\/\/hempeline.net\/hempeline-zeigt-sich-farbenfroh#primaryimage"},"image":{"@id":"https:\/\/hempeline.net\/hempeline-zeigt-sich-farbenfroh#primaryimage"},"thumbnailUrl":"https:\/\/hempeline.net\/wp-content\/uploads\/2020\/10\/hempi-zeigt-sich-farbenfroh.jpeg","datePublished":"2020-06-22T14:43:49+00:00","dateModified":"2021-08-26T15:58:21+00:00","description":"Mit unseren Farbedelsteinen sind wir in der Sonderausgabe der Goldschmiede Zeitung zu sehen. Es sind wundersch\u00f6ne Naturaufnahmen entstanden.","breadcrumb":{"@id":"https:\/\/hempeline.net\/hempeline-zeigt-sich-farbenfroh#breadcrumb"},"inLanguage":"en-GB","potentialAction":[{"@type":"ReadAction","target":["https:\/\/hempeline.net\/hempeline-zeigt-sich-farbenfroh"]}]},{"@type":"ImageObject","inLanguage":"en-GB","@id":"https:\/\/hempeline.net\/hempeline-zeigt-sich-farbenfroh#primaryimage","url":"https:\/\/hempeline.net\/wp-content\/uploads\/2020\/10\/hempi-zeigt-sich-farbenfroh.jpeg","contentUrl":"https:\/\/hempeline.net\/wp-content\/uploads\/2020\/10\/hempi-zeigt-sich-farbenfroh.jpeg","width":480,"height":480,"caption":"Goldschmiede Zeitung farbenfroh"},{"@type":"BreadcrumbList","@id":"https:\/\/hempeline.net\/hempeline-zeigt-sich-farbenfroh#breadcrumb","itemListElement":[{"@type":"ListItem","position":1,"name":"Startseite","item":"https:\/\/hempeline.net\/"},{"@type":"ListItem","position":2,"name":"hempeline zeigt sich farbenfroh"}]},{"@type":"WebSite","@id":"https:\/\/hempeline.net\/#website","url":"https:\/\/hempeline.net\/","name":"hempeline","description":"Quality made in Germany","publisher":{"@id":"https:\/\/hempeline.net\/#organization"},"potentialAction":[{"@type":"SearchAction","target":{"@type":"EntryPoint","urlTemplate":"https:\/\/hempeline.net\/?s={search_term_string}"},"query-input":{"@type":"PropertyValueSpecification","valueRequired":true,"valueName":"search_term_string"}}],"inLanguage":"en-GB"},{"@type":"Organization","@id":"https:\/\/hempeline.net\/#organization","name":"hempeline collection","url":"https:\/\/hempeline.net\/","logo":{"@type":"ImageObject","inLanguage":"en-GB","@id":"https:\/\/hempeline.net\/#\/schema\/logo\/image\/","url":"https:\/\/hempeline.net\/wp-content\/uploads\/2020\/07\/LOGO-SCHWARZ.png","contentUrl":"https:\/\/hempeline.net\/wp-content\/uploads\/2020\/07\/LOGO-SCHWARZ.png","width":576,"height":576,"caption":"hempeline collection"},"image":{"@id":"https:\/\/hempeline.net\/#\/schema\/logo\/image\/"},"sameAs":["https:\/\/www.facebook.com\/hempelineCollection\/","https:\/\/www.instagram.com\/hempeline\/"]},{"@type":"Person","@id":"https:\/\/hempeline.net\/#\/schema\/person\/445bd3a4dfd3d49538c01140e72d13ca","name":"Miriam Hempel","image":{"@type":"ImageObject","inLanguage":"en-GB","@id":"https:\/\/hempeline.net\/#\/schema\/person\/image\/","url":"https:\/\/secure.gravatar.com\/avatar\/afbb8c6655567ec81f7c76e88d5b9980?s=96&d=mm&r=g","contentUrl":"https:\/\/secure.gravatar.com\/avatar\/afbb8c6655567ec81f7c76e88d5b9980?s=96&d=mm&r=g","caption":"Miriam Hempel"}}]}},"_links":{"self":[{"href":"https:\/\/hempeline.net\/en\/wp-json\/wp\/v2\/posts\/1954","targetHints":{"allow":["GET"]}}],"collection":[{"href":"https:\/\/hempeline.net\/en\/wp-json\/wp\/v2\/posts"}],"about":[{"href":"https:\/\/hempeline.net\/en\/wp-json\/wp\/v2\/types\/post"}],"author":[{"embeddable":true,"href":"https:\/\/hempeline.net\/en\/wp-json\/wp\/v2\/users\/279"}],"replies":[{"embeddable":true,"href":"https:\/\/hempeline.net\/en\/wp-json\/wp\/v2\/comments?post=1954"}],"version-history":[{"count":0,"href":"https:\/\/hempeline.net\/en\/wp-json\/wp\/v2\/posts\/1954\/revisions"}],"wp:featuredmedia":[{"embeddable":true,"href":"https:\/\/hempeline.net\/en\/wp-json\/wp\/v2\/media\/1955"}],"wp:attachment":[{"href":"https:\/\/hempeline.net\/en\/wp-json\/wp\/v2\/media?parent=1954"}],"wp:term":[{"taxonomy":"category","embeddable":true,"href":"https:\/\/hempeline.net\/en\/wp-json\/wp\/v2\/categories?post=1954"},{"taxonomy":"post_tag","embeddable":true,"href":"https:\/\/hempeline.net\/en\/wp-json\/wp\/v2\/tags?post=1954"}],"curies":[{"name":"wp","href":"https:\/\/api.w.org\/{rel}","templated":true}]}}